{"id":178,"date":"2023-03-30T11:00:00","date_gmt":"2023-03-30T09:00:00","guid":{"rendered":"https:\/\/blog-fr.yourflavourist.com\/?p=178"},"modified":"2024-02-26T18:24:26","modified_gmt":"2024-02-26T17:24:26","slug":"your-flavourist-a-4-ans","status":"publish","type":"post","link":"https:\/\/blog-fr.yourflavourist.com\/index.php\/2023\/03\/30\/your-flavourist-a-4-ans\/","title":{"rendered":"Your Flavourist a 4 ans ! \u2728\ud83e\udd42"},"content":{"rendered":"\n<figure class=\"wp-block-image size-large\"><img loading=\"lazy\" width=\"1024\" height=\"768\" src=\"https:\/\/blog-fr.yourflavourist.com\/wp-content\/uploads\/2023\/03\/Tasting-avec-Clemence-et-Elizabeth-1024x768.jpg\" alt=\"\" class=\"wp-image-179\" srcset=\"https:\/\/blog-fr.yourflavourist.com\/wp-content\/uploads\/2023\/03\/Tasting-avec-Clemence-et-Elizabeth-1024x768.jpg 1024w, https:\/\/blog-fr.yourflavourist.com\/wp-content\/uploads\/2023\/03\/Tasting-avec-Clemence-et-Elizabeth-300x225.jpg 300w, https:\/\/blog-fr.yourflavourist.com\/wp-content\/uploads\/2023\/03\/Tasting-avec-Clemence-et-Elizabeth-768x576.jpg 768w, https:\/\/blog-fr.yourflavourist.com\/wp-content\/uploads\/2023\/03\/Tasting-avec-Clemence-et-Elizabeth-1536x1153.jpg 1536w, https:\/\/blog-fr.yourflavourist.com\/wp-content\/uploads\/2023\/03\/Tasting-avec-Clemence-et-Elizabeth-1200x901.jpg 1200w, https:\/\/blog-fr.yourflavourist.com\/wp-content\/uploads\/2023\/03\/Tasting-avec-Clemence-et-Elizabeth.jpg 1791w\" sizes=\"(max-width: 1024px) 100vw, 1024px\" \/><\/figure>\n\n\n\n<p>Quoi de mieux pour c\u00e9l\u00e9brer qu&rsquo;une journ\u00e9e tasting de cidres \u00e0 4 au labo, avec nos coll\u00e8gues pr\u00e9f\u00e9r\u00e9es Elizabeth et Cl\u00e9mence ? \ud83e\udd29<\/p>\n\n\n\n<p>Et pourquoi pas, 4 \u00e9toiles pour 4 r\u00e9alisations dont nous sommes particuli\u00e8rement fiers !!<\/p>\n\n\n\n<p>\u2b50 Notre labo pleinement \u00e9quip\u00e9 et op\u00e9rationnel, au c\u0153ur de Paris, qui nous permet une grande diversit\u00e9 de missions aupr\u00e8s de nos clients-es de l&rsquo;agroalimentaire et maisons d&rsquo;ar\u00f4mes<\/p>\n\n\n\n<p>\u2b50 Notre b\u00e9b\u00e9 <a href=\"https:\/\/flavourmanager.com\/fr\/accueil-public\" target=\"_blank\" rel=\"noopener\">Flavour Manager<\/a>, solution web pour une gestion op\u00e9rationnelle et r\u00e8glementaire compl\u00e8te des ar\u00f4mes<\/p>\n\n\n\n<p>\u2b50 Les nombreux projets de d\u00e9veloppement de produits qui nous ont \u00e9t\u00e9 confi\u00e9s par de jeunes startups de l&rsquo;agroalimentaire, et les retours ultra positifs que nous avons r\u00e9guli\u00e8rement<\/p>\n\n\n\n<p>\u2b50 Notre nouvelle identit\u00e9 graphique \u00ab\u00a0Your Flavourist\u00a0\u00bb et <a href=\"https:\/\/yourflavourist.com\/fr\/accueil\" target=\"_blank\" rel=\"noopener\">notre nouveau site internet<\/a> qui bat des records de fr\u00e9quentation<\/p>\n\n\n\n<p> <\/p>\n\n\n\n<p>\ud83d\udcf7 : tasting de cidres aromatis\u00e9s pour l&rsquo;un de nos clients, avec Elizabeth Bardonnaud et Cl\u00e9mence Boss\u00e9 (respectivement fondatrice et repreneuse d&rsquo;<a href=\"https:\/\/www.evidencearomatic.com\/fr\/\" target=\"_blank\" rel=\"noopener\">Evidence Aromatic<\/a>) et nos deux associ\u00e9s Quentin Reyt et Paul Rey-Fauvinet<\/p>\n","protected":false},"excerpt":{"rendered":"<p>Quoi de mieux pour c\u00e9l\u00e9brer qu&rsquo;une journ\u00e9e tasting de cidres \u00e0 4 au labo, avec nos coll\u00e8gues pr\u00e9f\u00e9r\u00e9es Elizabeth et Cl\u00e9mence ? \ud83e\udd29 Et pourquoi pas, 4 \u00e9toiles pour 4 r\u00e9alisations dont nous sommes particuli\u00e8rement fiers !! \u2b50 Notre labo pleinement \u00e9quip\u00e9 et op\u00e9rationnel, au c\u0153ur de Paris, qui nous permet une grande diversit\u00e9 de [&hellip;]<\/p>\n","protected":false},"author":1,"featured_media":0,"comment_status":"closed","ping_status":"open","sticky":false,"template":"","format":"standard","meta":{"om_disable_all_campaigns":false,"_monsterinsights_skip_tracking":false,"_monsterinsights_sitenote_active":false,"_monsterinsights_sitenote_note":"","_monsterinsights_sitenote_category":0},"categories":[6],"tags":[],"aioseo_notices":[],"_links":{"self":[{"href":"https:\/\/blog-fr.yourflavourist.com\/index.php\/wp-json\/wp\/v2\/posts\/178"}],"collection":[{"href":"https:\/\/blog-fr.yourflavourist.com\/index.php\/wp-json\/wp\/v2\/posts"}],"about":[{"href":"https:\/\/blog-fr.yourflavourist.com\/index.php\/wp-json\/wp\/v2\/types\/post"}],"author":[{"embeddable":true,"href":"https:\/\/blog-fr.yourflavourist.com\/index.php\/wp-json\/wp\/v2\/users\/1"}],"replies":[{"embeddable":true,"href":"https:\/\/blog-fr.yourflavourist.com\/index.php\/wp-json\/wp\/v2\/comments?post=178"}],"version-history":[{"count":1,"href":"https:\/\/blog-fr.yourflavourist.com\/index.php\/wp-json\/wp\/v2\/posts\/178\/revisions"}],"predecessor-version":[{"id":180,"href":"https:\/\/blog-fr.yourflavourist.com\/index.php\/wp-json\/wp\/v2\/posts\/178\/revisions\/180"}],"wp:attachment":[{"href":"https:\/\/blog-fr.yourflavourist.com\/index.php\/wp-json\/wp\/v2\/media?parent=178"}],"wp:term":[{"taxonomy":"category","embeddable":true,"href":"https:\/\/blog-fr.yourflavourist.com\/index.php\/wp-json\/wp\/v2\/categories?post=178"},{"taxonomy":"post_tag","embeddable":true,"href":"https:\/\/blog-fr.yourflavourist.com\/index.php\/wp-json\/wp\/v2\/tags?post=178"}],"curies":[{"name":"wp","href":"https:\/\/api.w.org\/{rel}","templated":true}]}}